{"id":239,"date":"2007-04-12T21:18:00","date_gmt":"2007-04-12T21:18:00","guid":{"rendered":"https:\/\/be-virtual.ch\/blog\/2007\/04\/12\/etats-politique-et-second-life\/"},"modified":"2007-04-12T21:18:00","modified_gmt":"2007-04-12T21:18:00","slug":"etats-politique-et-second-life","status":"publish","type":"post","link":"https:\/\/be-virtual.ch\/blog\/2007\/04\/12\/etats-politique-et-second-life\/","title":{"rendered":"Etats, politique et Second Life"},"content":{"rendered":"<p>Plusieurs entit\u00e9s publiques ont d\u00e9j\u00e0 une pr\u00e9sence sur Internet. Il peut s&rsquo;agir d&rsquo;administrations (Ambassade de Su\u00e8de, Land du Bade-W\u00fcrtemberg), de parlements (Chambre des repr\u00e9sentants aux Etat-Unis). Parfois il s&rsquo;agit d&rsquo;initiatives priv\u00e9es, comme dans le cas de l&rsquo;Autriche, mais avec une apparence d&rsquo;officialit\u00e9. Les partis politiques aussi commencent \u00e0 s&rsquo;int\u00e9resser \u00e0 cet univers, de m\u00eame que les mouvements citoyens.<br \/>Petite promenade&#8230;<\/p>\n<p><b>Bade-W\u00fcrtemberg<\/b><\/p>\n<p><a href=\"http:\/\/bp2.blogger.com\/_0O46EBN2sig\/R6l0Sbn-t1I\/AAAAAAAAATg\/L6KHly1AHQ4\/s1600-h\/badewurt02.jpg\"><img decoding=\"async\" style=\"cursor: pointer;\" src=\"http:\/\/bp2.blogger.com\/_0O46EBN2sig\/R6l0Sbn-t1I\/AAAAAAAAATg\/L6KHly1AHQ4\/s400\/badewurt02.jpg\" alt=\"\" id=\"BLOGGER_PHOTO_ID_5163786307758896978\" border=\"0\" \/><\/a><\/p>\n<p><a href=\"http:\/\/bp3.blogger.com\/_0O46EBN2sig\/R6l0Nrn-t0I\/AAAAAAAAATY\/XLc8idCah8A\/s1600-h\/badewurt03.jpg\"><img decoding=\"async\" style=\"cursor: pointer;\" src=\"http:\/\/bp3.blogger.com\/_0O46EBN2sig\/R6l0Nrn-t0I\/AAAAAAAAATY\/XLc8idCah8A\/s400\/badewurt03.jpg\" alt=\"\" id=\"BLOGGER_PHOTO_ID_5163786226154518338\" border=\"0\" \/><\/a><\/p>\n<p><a href=\"http:\/\/bp3.blogger.com\/_0O46EBN2sig\/R6l0Irn-tzI\/AAAAAAAAATQ\/x_zlgb6upkI\/s1600-h\/badewurt04.jpg\"><img decoding=\"async\" style=\"cursor: pointer;\" src=\"http:\/\/bp3.blogger.com\/_0O46EBN2sig\/R6l0Irn-tzI\/AAAAAAAAATQ\/x_zlgb6upkI\/s400\/badewurt04.jpg\" alt=\"\" id=\"BLOGGER_PHOTO_ID_5163786140255172402\" border=\"0\" \/><\/a><\/p>\n<p>Promenade sur l&rsquo;\u00eele du Bade-W\u00fcrtemberg<\/p>\n<div><embed style=\"width: 400px; height: 326px;\" type=\"application\/x-shockwave-flash\" src=\"http:\/\/video.google.com\/googleplayer.swf?docId=-1796315033365507257&amp;hl=en\" flashvars=\"\"><\/embed><\/p>\n<p><a href=\"http:\/\/slurl.com\/secondlife\/Baden-Wuerttemberg\/128\/128\/0\" target=\"_blank\" rel=\"noopener noreferrer\">http:\/\/slurl.com\/secondlife\/Baden-Wuert &#8230; \/128\/128\/0<\/a><\/p>\n<p><b>Autriche<\/b><\/p>\n<p>La Grande roue de Vienne, le costume traditionnel et les crinolines de Sissi (pour 1000 L$), rien ne manque \u00e0 cette pr\u00e9sentation de l&rsquo;Autriche. Il s&rsquo;agit cependant d&rsquo;une r\u00e9alisation priv\u00e9e.<\/p>\n<p><a href=\"http:\/\/bp3.blogger.com\/_0O46EBN2sig\/R6l0Drn-tyI\/AAAAAAAAATI\/9ujZo556WwQ\/s1600-h\/austria01.jpg\"><img decoding=\"async\" style=\"cursor: pointer;\" src=\"http:\/\/bp3.blogger.com\/_0O46EBN2sig\/R6l0Drn-tyI\/AAAAAAAAATI\/9ujZo556WwQ\/s400\/austria01.jpg\" alt=\"\" id=\"BLOGGER_PHOTO_ID_5163786054355826466\" border=\"0\" \/><\/a><\/p>\n<p><a href=\"http:\/\/bp3.blogger.com\/_0O46EBN2sig\/R6lz-rn-txI\/AAAAAAAAATA\/GHZx7zNr2zk\/s1600-h\/austria02.jpg\"><img decoding=\"async\" style=\"cursor: pointer;\" src=\"http:\/\/bp3.blogger.com\/_0O46EBN2sig\/R6lz-rn-txI\/AAAAAAAAATA\/GHZx7zNr2zk\/s400\/austria02.jpg\" alt=\"\" id=\"BLOGGER_PHOTO_ID_5163785968456480530\" border=\"0\" \/><\/a><\/p>\n<p><a href=\"http:\/\/bp3.blogger.com\/_0O46EBN2sig\/R6lz5rn-twI\/AAAAAAAAAS4\/xuB1szeKUAI\/s1600-h\/austria03.jpg\"><img decoding=\"async\" style=\"cursor: pointer;\" src=\"http:\/\/bp3.blogger.com\/_0O46EBN2sig\/R6lz5rn-twI\/AAAAAAAAAS4\/xuB1szeKUAI\/s400\/austria03.jpg\" alt=\"\" id=\"BLOGGER_PHOTO_ID_5163785882557134594\" border=\"0\" \/><\/a><\/p>\n<p><a href=\"http:\/\/bp3.blogger.com\/_0O46EBN2sig\/R6lz0rn-tvI\/AAAAAAAAASw\/AQ-PrpFWdpY\/s1600-h\/austria04.jpg\"><img decoding=\"async\" style=\"cursor: pointer;\" src=\"http:\/\/bp3.blogger.com\/_0O46EBN2sig\/R6lz0rn-tvI\/AAAAAAAAASw\/AQ-PrpFWdpY\/s400\/austria04.jpg\" alt=\"\" id=\"BLOGGER_PHOTO_ID_5163785796657788658\" border=\"0\" \/><\/a><\/p>\n<p><a href=\"http:\/\/slurl.com\/secondlife\/Austria%20Island\/128\/128\/0\" target=\"_blank\" rel=\"noopener noreferrer\">http:\/\/slurl.com\/secondlife\/Austria%20Island\/128\/128\/0<\/a><\/p>\n<p><b>Su\u00e8de<\/b><\/p>\n<p>La premi\u00e8re apparition officielle d&rsquo;un pays sur Second Life a fait grand bruit. L&rsquo;ambassade de Su\u00e8de n&rsquo;a pas encore trouv\u00e9 ses marques. En construction au moment de son annonce, puis peupl\u00e9e de quelques boutiques et de rennes broutant dans la for\u00eat, elle est actuellement inaccessible.<\/p>\n<p><a href=\"http:\/\/bp0.blogger.com\/_0O46EBN2sig\/R6lzv7n-tuI\/AAAAAAAAASo\/YJHWUDtnOLY\/s1600-h\/sweden1.jpg\"><img decoding=\"async\" style=\"cursor: pointer;\" src=\"http:\/\/bp0.blogger.com\/_0O46EBN2sig\/R6lzv7n-tuI\/AAAAAAAAASo\/YJHWUDtnOLY\/s400\/sweden1.jpg\" alt=\"\" id=\"BLOGGER_PHOTO_ID_5163785715053410018\" border=\"0\" \/><\/a><\/p>\n<p><a href=\"http:\/\/slurl.com\/secondlife\/Sweden%20Island\/128\/128\/0\" target=\"_blank\" rel=\"noopener noreferrer\">http:\/\/slurl.com\/secondlife\/Sweden%20Island\/128\/128\/0<\/a><\/p>\n<p><b>Ambassade d&rsquo;Antigua<\/b><\/p>\n<p>Antigua se contente d&rsquo;une maison avec vue sur la mer pour son ambassage.<\/p>\n<p><a href=\"http:\/\/bp0.blogger.com\/_0O46EBN2sig\/R6lzn7n-ttI\/AAAAAAAAASg\/mAvCASReIZo\/s1600-h\/antigua.jpg\"><img decoding=\"async\" style=\"cursor: pointer;\" src=\"http:\/\/bp0.blogger.com\/_0O46EBN2sig\/R6lzn7n-ttI\/AAAAAAAAASg\/mAvCASReIZo\/s400\/antigua.jpg\" alt=\"\" id=\"BLOGGER_PHOTO_ID_5163785577614456530\" border=\"0\" \/><\/a><\/p>\n<p><b>Chambre des repr\u00e9sentants (USA)<\/b><\/p>\n<p>Un membre de cette chambre a d\u00e9j\u00e0 fait une apparition officielle au d\u00e9but de l&rsquo;ann\u00e9e dans le Capitol virtuel. Les parlements sont tout \u00e0 fait \u00e0 leur place dans Second Life, dans la mesure o\u00f9 cela peut \u00eatre un lieu de dialogue avec les citoyens.<\/p>\n<p><a href=\"http:\/\/bp3.blogger.com\/_0O46EBN2sig\/R6lzfrn-tsI\/AAAAAAAAASY\/PnbT3ROjTS8\/s1600-h\/elections_001.jpg\"><img decoding=\"async\" style=\"cursor: pointer;\" src=\"http:\/\/bp3.blogger.com\/_0O46EBN2sig\/R6lzfrn-tsI\/AAAAAAAAASY\/PnbT3ROjTS8\/s400\/elections_001.jpg\" alt=\"\" id=\"BLOGGER_PHOTO_ID_5163785435880535746\" border=\"0\" \/><\/a><\/p>\n<p><b><br \/>Pr\u00e9sence de personnalit\u00e9s politiques<\/b><\/p>\n<p>Le ministre fran\u00e7ais de la culture a d\u00e9j\u00e0 inaugur\u00e9 officiellement une exposition avec son chien.<\/p>\n<p><a href=\"http:\/\/bp3.blogger.com\/_0O46EBN2sig\/R6lzarn-trI\/AAAAAAAAASQ\/7EYXuicoSqs\/s1600-h\/ministre_cult.jpg\"><img decoding=\"async\" style=\"cursor: pointer;\" src=\"http:\/\/bp3.blogger.com\/_0O46EBN2sig\/R6lzarn-trI\/AAAAAAAAASQ\/7EYXuicoSqs\/s400\/ministre_cult.jpg\" alt=\"\" id=\"BLOGGER_PHOTO_ID_5163785349981189810\" border=\"0\" \/><\/a><\/p>\n<p><b><br \/>Campagne fran\u00e7aise<\/b><\/p>\n<p>La campagne pr\u00e9sidentielle fran\u00e7aise a \u00e9t\u00e9 tr\u00e8s anim\u00e9e sur Second Life. Plusieurs partis politiques ont cr\u00e9\u00e9 un espace dans Second Life: le Front national, suivi d&rsquo;une permanence socialiste et d&rsquo;une \u00eele pour l&rsquo;UMP.<\/p>\n<p><a href=\"http:\/\/bp2.blogger.com\/_0O46EBN2sig\/R6lzVbn-tqI\/AAAAAAAAASI\/aIyh_6HQECs\/s1600-h\/sarko-04.jpg\"><img decoding=\"async\" style=\"cursor: pointer;\" src=\"http:\/\/bp2.blogger.com\/_0O46EBN2sig\/R6lzVbn-tqI\/AAAAAAAAASI\/aIyh_6HQECs\/s400\/sarko-04.jpg\" alt=\"\" id=\"BLOGGER_PHOTO_ID_5163785259786876578\" border=\"0\" \/><\/a><\/p>\n<p>Dans le cadre de cette campagne, des avatars manifestent r\u00e9guli\u00e8rement dans Second Life, notamment contre le Front national.<\/p>\n<p><a href=\"http:\/\/bp3.blogger.com\/_0O46EBN2sig\/R6lzPrn-tpI\/AAAAAAAAASA\/8wrCGhFbqcg\/s1600-h\/antifn.jpg\"><img decoding=\"async\" style=\"cursor: pointer;\" src=\"http:\/\/bp3.blogger.com\/_0O46EBN2sig\/R6lzPrn-tpI\/AAAAAAAAASA\/8wrCGhFbqcg\/s400\/antifn.jpg\" alt=\"\" id=\"BLOGGER_PHOTO_ID_5163785161002628754\" border=\"0\" \/><\/a><\/p>\n<p>Un r\u00e9sident s&rsquo;est m\u00eame mis \u00e0 cr\u00e9er des caricatures politiques \u00e0 partir de son avatar.<\/p>\n<p><a href=\"http:\/\/bp3.blogger.com\/_0O46EBN2sig\/R6lzKrn-toI\/AAAAAAAAAR4\/gTePL67YEcc\/s1600-h\/carivatar_sego.jpg\"><img decoding=\"async\" style=\"cursor: pointer;\" src=\"http:\/\/bp3.blogger.com\/_0O46EBN2sig\/R6lzKrn-toI\/AAAAAAAAAR4\/gTePL67YEcc\/s400\/carivatar_sego.jpg\" alt=\"\" id=\"BLOGGER_PHOTO_ID_5163785075103282818\" border=\"0\" \/><\/a><\/p>\n<p><b>Politique suisse<\/b><\/p>\n<p>C&rsquo;est le radical genevois Pierre Maudet qui semble \u00eatre le premier politicien suisse install\u00e9 dans Second Life. Il a lou\u00e9 un appartement dans une tour.<\/p>\n<p><a href=\"http:\/\/bp0.blogger.com\/_0O46EBN2sig\/R6lzF7n-tnI\/AAAAAAAAARw\/ytdfgo5TZnU\/s1600-h\/maudet.jpg\"><img decoding=\"async\" style=\"cursor: pointer;\" src=\"http:\/\/bp0.blogger.com\/_0O46EBN2sig\/R6lzF7n-tnI\/AAAAAAAAARw\/ytdfgo5TZnU\/s400\/maudet.jpg\" alt=\"\" id=\"BLOGGER_PHOTO_ID_5163784993498904178\" border=\"0\" \/><\/a><\/p>\n<p><b><br \/>Mouvements citoyens<\/b><\/p>\n<p>En d\u00e9saccord avec la Mairie de Paris sur un projet d&rsquo;am\u00e9nagement des Halles, un groupe de citoyens utilise Second Life pour pousser les autorit\u00e9s \u00e0 la discussion. Par le biais de l&rsquo;agence Rep\u00e8res, ils organisent un concours d&rsquo;architecture sur Second Life, avec des prix en Linden dollars.<br \/>Ainsi apr\u00e8s des blogs citoyens (comme Monputeaux), c&rsquo;est l&rsquo;univers 3D o\u00f9 chacun peut cr\u00e9er et int\u00e9grer des contenus qui est utilis\u00e9 par les mouvements citoyens.<\/p>\n<p><a href=\"http:\/\/www.01net.com\/editorial\/345860\/univers-en-ligne\/des-parisiens-se-servent-de-second-life-pour-pousser-la-mairie-au-dialogue\/\" target=\"_blank\" rel=\"noopener noreferrer\">http:\/\/www.01net.com\/editorial\/345860\/u &#8230; -dialogue\/<\/a><\/p>\n<p><a href=\"http:\/\/bp1.blogger.com\/_0O46EBN2sig\/R6lzBLn-tmI\/AAAAAAAAARo\/UvDAFMsK4BY\/s1600-h\/reperes.jpg\"><img decoding=\"async\" style=\"cursor: pointer;\" src=\"http:\/\/bp1.blogger.com\/_0O46EBN2sig\/R6lzBLn-tmI\/AAAAAAAAARo\/UvDAFMsK4BY\/s400\/reperes.jpg\" alt=\"\" id=\"BLOGGER_PHOTO_ID_5163784911894525538\" border=\"0\" \/><\/a><br \/><span style=\"font-size:85%;\">Ile de l&rsquo;agence Rep\u00e8re<\/span><\/div>\n","protected":false},"excerpt":{"rendered":"<p>Plusieurs entit\u00e9s publiques ont d\u00e9j\u00e0 une pr\u00e9sence sur Internet. Il peut s&rsquo;agir d&rsquo;administrations (Ambassade de Su\u00e8de, Land du Bade-W\u00fcrtemberg), de parlements (Chambre des repr\u00e9sentants aux Etat-Unis). Parfois il s&rsquo;agit d&rsquo;initiatives priv\u00e9es, comme dans le cas de l&rsquo;Autriche, mais avec une apparence d&rsquo;officialit\u00e9. Les partis politiques aussi commencent \u00e0 s&rsquo;int\u00e9resser \u00e0 cet univers, de m\u00eame que [&hellip;]<\/p>\n","protected":false},"author":1,"featured_media":0,"comment_status":"open","ping_status":"open","sticky":false,"template":"","format":"standard","meta":[],"categories":[29,15],"tags":[],"_links":{"self":[{"href":"https:\/\/be-virtual.ch\/blog\/wp-json\/wp\/v2\/posts\/239"}],"collection":[{"href":"https:\/\/be-virtual.ch\/blog\/wp-json\/wp\/v2\/posts"}],"about":[{"href":"https:\/\/be-virtual.ch\/blog\/wp-json\/wp\/v2\/types\/post"}],"author":[{"embeddable":true,"href":"https:\/\/be-virtual.ch\/blog\/wp-json\/wp\/v2\/users\/1"}],"replies":[{"embeddable":true,"href":"https:\/\/be-virtual.ch\/blog\/wp-json\/wp\/v2\/comments?post=239"}],"version-history":[{"count":0,"href":"https:\/\/be-virtual.ch\/blog\/wp-json\/wp\/v2\/posts\/239\/revisions"}],"wp:attachment":[{"href":"https:\/\/be-virtual.ch\/blog\/wp-json\/wp\/v2\/media?parent=239"}],"wp:term":[{"taxonomy":"category","embeddable":true,"href":"https:\/\/be-virtual.ch\/blog\/wp-json\/wp\/v2\/categories?post=239"},{"taxonomy":"post_tag","embeddable":true,"href":"https:\/\/be-virtual.ch\/blog\/wp-json\/wp\/v2\/tags?post=239"}],"curies":[{"name":"wp","href":"https:\/\/api.w.org\/{rel}","templated":true}]}}