{"id":245,"date":"2007-03-21T22:50:00","date_gmt":"2007-03-21T22:50:00","guid":{"rendered":"https:\/\/be-virtual.ch\/blog\/2007\/03\/21\/pseudo-anonyme\/"},"modified":"2007-03-21T22:50:00","modified_gmt":"2007-03-21T22:50:00","slug":"pseudo-anonyme","status":"publish","type":"post","link":"https:\/\/be-virtual.ch\/blog\/2007\/03\/21\/pseudo-anonyme\/","title":{"rendered":"Pseudo anonyme"},"content":{"rendered":"<p>L&rsquo;Universit\u00e9 de Neuch\u00e2tel organisait ce soir un Caf\u00e9 philo sur le ph\u00e9nom\u00e8ne des blogs. Le sous-titre de la discussion \u00ab\u00a0libert\u00e9 d&rsquo;expression ou libert\u00e9 de d\u00e9lation?\u00a0\u00bb donnait le ton. La discussion a essentiellement port\u00e9 sur l&rsquo;anonymit\u00e9 des blogs. Il faut peut-\u00eatre rappeler que les autorit\u00e9s de l&rsquo;Universit\u00e9 de Neuch\u00e2tel a \u00e9t\u00e9 fortement pris \u00e0 parti par un blog intitul\u00e9 Alma Malter, anim\u00e9e par une certaine Claudine Borel, pseudonyme form\u00e9 \u00e0 partir des noms d&#8217;employ\u00e9es du service de communication de ladite institution. Consid\u00e9rant qu&rsquo;elle avait accompli son devoir, elle a ferm\u00e9 son blog en d\u00e9cembre dernier. Ce dernier est toujours visible, mais la possibilit\u00e9 d&rsquo;y ins\u00e9rer des commentaires a disparu.<br \/>Karl figurait \u00e0 la table des invit\u00e9s. Muni d&rsquo;un bonnet et de lunettes noires, il avait un peu des allures de sous-commandant Marcos. Il a d\u00e9fendu sa conception de l&rsquo;anonymit\u00e9: elle lui permettait de prot\u00e9ger celle de tous ceux qui, dans l&rsquo;affaire de la Boillat, \u00e9tait priv\u00e9s de parole. Lui-m\u00eame consid\u00e9rait qu&rsquo;il n&rsquo;\u00e9tait personne pour parler du conflit opposant Swissmetal aux ouvriers de la Boillat, mais qu&rsquo;il avait pu construire une l\u00e9gitimit\u00e9 \u00e0 travers son blog. Il a aussi pu r\u00e9unir autour de lui (de Karl ou du blog? qui sait?) une communaut\u00e9 virtuelle. Dans la salle, on a justement entendu des t\u00e9moignages de personnes qui ont pu s&rsquo;exprimer gr\u00e2ce \u00e0 lui, se r\u00e9unir, cr\u00e9er des solidarit\u00e9s.<\/p>\n<p><a href=\"http:\/\/bp3.blogger.com\/_0O46EBN2sig\/R6l3Nrn-t9I\/AAAAAAAAAUg\/YXVb0UEMOdQ\/s1600-h\/cafe-philo.jpg\"><img decoding=\"async\" style=\"cursor: pointer;\" src=\"http:\/\/bp3.blogger.com\/_0O46EBN2sig\/R6l3Nrn-t9I\/AAAAAAAAAUg\/YXVb0UEMOdQ\/s400\/cafe-philo.jpg\" alt=\"\" id=\"BLOGGER_PHOTO_ID_5163789524689401810\" border=\"0\" \/><\/a><\/p>\n<p>Le public s&rsquo;est montr\u00e9 plut\u00f4t divis\u00e9 sur l&rsquo;anonymit\u00e9 des auteurs de blogs. Pourtant les auteurs r\u00e9ellement anonymes ne sont pas l\u00e9gion. Bien s\u00fbr, il y a les journaux intimes o\u00f9 l&rsquo;on partage ses angoisses, ses fantasmes. Il y a ceux des revanchards ou des petites frappes qui agissent par l\u00e2chet\u00e9. Mais plus en plus de blogs sont revendiqu\u00e9s. Dans certains milieux du reste, il est m\u00eame n\u00e9cessaire d&rsquo;entretenir avec z\u00e8le un blog. Quant \u00e0 l&rsquo;anonymit\u00e9 de Karl, elle est totalement justifi\u00e9e par la situation. En bavardant lui et moi, nous en sommes arriv\u00e9s \u00e0 penser qu&rsquo;il fallait d&rsquo;ailleurs plut\u00f4t parler de pseudonyme plut\u00f4t que d&rsquo;anonyme. Autour d&rsquo;un pseudonyme, on construit une personnalit\u00e9 virtuelle, une sorte de prolongement de soi-m\u00eame dans la cybersph\u00e8re, dont on n&rsquo;est jamais compl\u00e8tement d\u00e9tach\u00e9, mais dont on ne ma\u00eetrise pas toujours la destin\u00e9e. Karl ne s&rsquo;attendait peut-\u00eatre pas \u00e0 susciter un ph\u00e9nom\u00e8ne d&rsquo;une telle ampleur au moment o\u00f9 il a cr\u00e9\u00e9 son blog. Mais il a su l&rsquo;assumer avec une grande ma\u00eetrise.<br \/>Quant \u00e0 l&rsquo;h\u00e9ro\u00efne involontaire de la soir\u00e9e, Claudine Borel, elle ne s&rsquo;est pas manifest\u00e9e. Malgr\u00e9 l&rsquo;intensit\u00e9 des d\u00e9bats qu&rsquo;elle a abrit\u00e9 en son sein virtuel, une fois la crise pass\u00e9e, elle semble avoir disparu ne laissant plus gu\u00e8re que son pseudonyme dans l&rsquo;histoire des blogs.<\/p>\n<p>Annonce du Caf\u00e9 philo: <a href=\"http:\/\/www2.unine.ch\/Jahia\/site\/cafescientifique\/cache\/offonce\/pid\/18586\" target=\"_blank\" rel=\"noopener noreferrer\">http:\/\/www2.unine.ch\/Jahia\/site\/cafesci &#8230; \/pid\/18586<\/a><\/p>\n<p>Blog de Karl: <a href=\"http:\/\/www.laboillat.blogspot.com\/\" target=\"_blank\" rel=\"noopener noreferrer\">http:\/\/www.laboillat.blogspot.com\/<\/a><\/p>\n<p>Alma Mater: <a href=\"http:\/\/alma-malter.blogspot.com\/\" target=\"_blank\" rel=\"noopener noreferrer\">http:\/\/alma-malter.blogspot.com\/<\/a><\/p>\n","protected":false},"excerpt":{"rendered":"<p>L&rsquo;Universit\u00e9 de Neuch\u00e2tel organisait ce soir un Caf\u00e9 philo sur le ph\u00e9nom\u00e8ne des blogs. Le sous-titre de la discussion \u00ab\u00a0libert\u00e9 d&rsquo;expression ou libert\u00e9 de d\u00e9lation?\u00a0\u00bb donnait le ton. La discussion a essentiellement port\u00e9 sur l&rsquo;anonymit\u00e9 des blogs. Il faut peut-\u00eatre rappeler que les autorit\u00e9s de l&rsquo;Universit\u00e9 de Neuch\u00e2tel a \u00e9t\u00e9 fortement pris \u00e0 parti par [&hellip;]<\/p>\n","protected":false},"author":1,"featured_media":0,"comment_status":"open","ping_status":"open","sticky":false,"template":"","format":"standard","meta":[],"categories":[9],"tags":[],"_links":{"self":[{"href":"https:\/\/be-virtual.ch\/blog\/wp-json\/wp\/v2\/posts\/245"}],"collection":[{"href":"https:\/\/be-virtual.ch\/blog\/wp-json\/wp\/v2\/posts"}],"about":[{"href":"https:\/\/be-virtual.ch\/blog\/wp-json\/wp\/v2\/types\/post"}],"author":[{"embeddable":true,"href":"https:\/\/be-virtual.ch\/blog\/wp-json\/wp\/v2\/users\/1"}],"replies":[{"embeddable":true,"href":"https:\/\/be-virtual.ch\/blog\/wp-json\/wp\/v2\/comments?post=245"}],"version-history":[{"count":0,"href":"https:\/\/be-virtual.ch\/blog\/wp-json\/wp\/v2\/posts\/245\/revisions"}],"wp:attachment":[{"href":"https:\/\/be-virtual.ch\/blog\/wp-json\/wp\/v2\/media?parent=245"}],"wp:term":[{"taxonomy":"category","embeddable":true,"href":"https:\/\/be-virtual.ch\/blog\/wp-json\/wp\/v2\/categories?post=245"},{"taxonomy":"post_tag","embeddable":true,"href":"https:\/\/be-virtual.ch\/blog\/wp-json\/wp\/v2\/tags?post=245"}],"curies":[{"name":"wp","href":"https:\/\/api.w.org\/{rel}","templated":true}]}}