{"id":262,"date":"2007-02-08T21:52:00","date_gmt":"2007-02-08T21:52:00","guid":{"rendered":"https:\/\/be-virtual.ch\/blog\/2007\/02\/08\/ecologie-de-linformation\/"},"modified":"2007-02-08T21:52:00","modified_gmt":"2007-02-08T21:52:00","slug":"ecologie-de-linformation","status":"publish","type":"post","link":"https:\/\/be-virtual.ch\/blog\/2007\/02\/08\/ecologie-de-linformation\/","title":{"rendered":"Ecologie de l&rsquo;information"},"content":{"rendered":"<p>S&rsquo;il fallait r\u00e9sumer en une expression ce qu&rsquo;on a entendu aujourd&rsquo;hui, lors de la conf\u00e9rence Lift07, on pourrait parler d&rsquo;\u00e9cologie de l&rsquo;information. En effet, l&rsquo;information est tellement riche, abondante, interconnect\u00e9e (un peu gr\u00e2ce aux terminaux que nous sommes, aux machines que nous utilisons et au r\u00e9seau que nous avons mis en place), qu&rsquo;on commence \u00e0 percevoir le fonctionnement d&rsquo;un \u00e9co-syst\u00e8me Internet.<br \/>Plusieurs orateurs ont \u00e9voqu\u00e9 le \u00ab\u00a0Social Web\u00a0\u00bb, c&rsquo;est-\u00e0-dire la possibilit\u00e9 que nous avons, en tant qu&rsquo;utilisateurs du syst\u00e8me, de tisser des relations. Nous pouvons rencontrer d&rsquo;autres \u00eatres, partager avec eux nos go\u00fbts, nos id\u00e9es, collaborer \u00e0 des projets \u00e0 la mani\u00e8re des b\u00e2tisseurs de cath\u00e9drales.<br \/>Non seulement, des orateurs nous pr\u00e9sentaient leurs id\u00e9es th\u00e9oriques sur le r\u00e9seau social d&rsquo;Internet, mais en m\u00eame temps on le voyait \u00e0 l&rsquo;oeuvre. Environ deux tiers des personnes avaient leur lap top allum\u00e9 et gr\u00e2ce au wifi, elles ont pu communiquer avec d&rsquo;autres personnes qui se trouvaient ailleurs, par mail ou messages instantan\u00e9s. Cependant lors de deux expos\u00e9s, on a clairement vu les nez se montrer au-dessus des \u00e9crans. Tout le monde s&rsquo;est int\u00e9ress\u00e9 \u00e0 l&rsquo;expos\u00e9 de Soeur Judith qui n&rsquo;est autre que la responsable du site Internet du Vatican. Elle a expliqu\u00e9 l&rsquo;importance que l&rsquo;\u00e9glise accordait au potentiel social d&rsquo;Internet et elle a pr\u00e9sent\u00e9 un site d&rsquo;apprentissage \u00e0 distance destin\u00e9 aux jeunes.<\/p>\n<p><a href=\"http:\/\/bp2.blogger.com\/_0O46EBN2sig\/R6mBUbn-usI\/AAAAAAAAAaY\/_jApv9hnyxQ\/s1600-h\/Dernier_rouleau_-_086.jpg\"><img decoding=\"async\" style=\"cursor: pointer;\" src=\"http:\/\/bp2.blogger.com\/_0O46EBN2sig\/R6mBUbn-usI\/AAAAAAAAAaY\/_jApv9hnyxQ\/s400\/Dernier_rouleau_-_086.jpg\" alt=\"\" id=\"BLOGGER_PHOTO_ID_5163800635769797314\" border=\"0\" \/><\/a><\/p>\n<p>Quant \u00e0 Sugata Mitra, il a r\u00e9ellement impressionn\u00e9 l&rsquo;auditoire en montrant comment des enfants, en Inde, pouvaient apprendre de mani\u00e8re autonome (gr\u00e2ce \u00e0 l&rsquo;auto-organisation) l&rsquo;utilisation d&rsquo;un ordinateur, d&rsquo;Internet ou m\u00eame l&rsquo;acquisition de rudiments d&rsquo;anglais.<\/p>\n<p><a href=\"http:\/\/bp2.blogger.com\/_0O46EBN2sig\/R6mBPbn-urI\/AAAAAAAAAaQ\/h5YHrh4oaVI\/s1600-h\/Lift07_-_068.jpg\"><img decoding=\"async\" style=\"cursor: pointer;\" src=\"http:\/\/bp2.blogger.com\/_0O46EBN2sig\/R6mBPbn-urI\/AAAAAAAAAaQ\/h5YHrh4oaVI\/s400\/Lift07_-_068.jpg\" alt=\"\" id=\"BLOGGER_PHOTO_ID_5163800549870451378\" border=\"0\" \/><\/a><\/p>\n<p>Il a en effet men\u00e9 des exp\u00e9riences en installant dans des villages \u00e9loign\u00e9s d\u00e9pourvus d&rsquo;\u00e9coles ou avec des enseignants non form\u00e9s \u00e0 l&rsquo;informatique, des bornes avec un ordinateur. Au bout de quelques heures, des enfants avaient appris \u00e0 utiliser l&rsquo;ordinateur et montraient aux autres comment faire. Il a m\u00eame mentionn\u00e9 un exemple int\u00e9ressant: ayant install\u00e9 un ordinateur avec des CD-ROM dans un village, il y est retourn\u00e9 apr\u00e8s plusieurs mois. Il a pos\u00e9 des questions aux enfants qui lui ont r\u00e9pondu qu&rsquo;il leur faudrait une machine avec un processeur plus puissant. Il leur a alors demand\u00e9 comment ils savaient cela. Les enfants ont expliqu\u00e9 que, comme le mat\u00e9riel \u00e9tait en anglais, ils avaient un peu appris cette langue et, munis de ces connaissances, ils ont trouv\u00e9 d&rsquo;autres informations sur Internet concernant les ordinateurs. Voil\u00e0 qui d\u00e9montre en tout cas que le cerveau humain reste le meilleur processeur, surtout en groupe.<br \/>Si on parle d&rsquo;\u00e9cologie de l&rsquo;information, c&rsquo;est aussi parce que cette information commence \u00e0 se r\u00e9pandre non seulement dans le r\u00e9seau d&rsquo;ordinateurs qu&rsquo;est Internet, mais aussi dans le reste du monde. En effet, de plus en plus d&rsquo;objets sont connect\u00e9s avec le Net. On appelle cela l&rsquo;Internet des objets. Il y a de nombreuses applications pratiques \u00e0 l&rsquo;installation de puces connect\u00e9es au r\u00e9seau. Actuellement, l&rsquo;ordinateur est la meilleure mani\u00e8re de s&rsquo;y connecter, mais ce ne sera pas toujours le cas. Adam Greensfield a cr\u00e9\u00e9 pour en parler le terme d&rsquo;everyware (comme hardware, software). Cet Internet des objets a de lourdes cons\u00e9quences pour l&rsquo;humanit\u00e9. En effet, si dans beaucoup de cas l&rsquo;utilisateur sera conscient qu&rsquo;il effectue une transaction via Internet gr\u00e2ce \u00e0 un objet plut\u00f4t qu&rsquo;un ordinateur (pour payer un voyage en train par exemple), il arrivera aussi que cette liaison se fasse \u00e0 son insu. Selon Adam Greensfield, il est grand temps de se pencher sur cette probl\u00e9matique. Bonne nouvelle, il a annonc\u00e9 que son livre (portant le titre \u00ab\u00a0Everyware\u00a0\u00bb en anglais) sortira en traduction fran\u00e7aise en avril.<br \/>Et puisqu&rsquo;on parle d&rsquo;\u00e9cologie, Julian Bleecker a \u00e9voqu\u00e9 la d\u00e9pense en \u00e9nergie que supposait le maintien d&rsquo;un Internet ubiquiste, disponible en tout temps et en tout lieu. Le co\u00fbt en \u00e9nergie d&rsquo;un avatar dans Second Life est de 1752 KW par an, alors qu&rsquo;une personne de chair et d&rsquo;os en d\u00e9pense 2436. La diff\u00e9rence n&rsquo;est pas si grande et on comprend, par cet exemple \u00e9loquent, ce que co\u00fbte le maintien d&rsquo;un r\u00e9seau informatique disponible en tout lieu et en tout temps.<\/p>\n<p><a href=\"http:\/\/bp3.blogger.com\/_0O46EBN2sig\/R6mBKrn-uqI\/AAAAAAAAAaI\/ywQxHBxpmtI\/s1600-h\/Lift07_-_095.jpg\"><img decoding=\"async\" style=\"cursor: pointer;\" src=\"http:\/\/bp3.blogger.com\/_0O46EBN2sig\/R6mBKrn-uqI\/AAAAAAAAAaI\/ywQxHBxpmtI\/s400\/Lift07_-_095.jpg\" alt=\"\" id=\"BLOGGER_PHOTO_ID_5163800468266072738\" border=\"0\" \/><\/a><\/p>\n<p><a href=\"http:\/\/www.liftconference.com\/\" target=\"_blank\" rel=\"noopener noreferrer\">http:\/\/www.liftconference.com<\/a><\/p>\n","protected":false},"excerpt":{"rendered":"<p>S&rsquo;il fallait r\u00e9sumer en une expression ce qu&rsquo;on a entendu aujourd&rsquo;hui, lors de la conf\u00e9rence Lift07, on pourrait parler d&rsquo;\u00e9cologie de l&rsquo;information. En effet, l&rsquo;information est tellement riche, abondante, interconnect\u00e9e (un peu gr\u00e2ce aux terminaux que nous sommes, aux machines que nous utilisons et au r\u00e9seau que nous avons mis en place), qu&rsquo;on commence \u00e0 [&hellip;]<\/p>\n","protected":false},"author":1,"featured_media":0,"comment_status":"open","ping_status":"open","sticky":false,"template":"","format":"standard","meta":[],"categories":[17,37,8,7,9],"tags":[],"_links":{"self":[{"href":"https:\/\/be-virtual.ch\/blog\/wp-json\/wp\/v2\/posts\/262"}],"collection":[{"href":"https:\/\/be-virtual.ch\/blog\/wp-json\/wp\/v2\/posts"}],"about":[{"href":"https:\/\/be-virtual.ch\/blog\/wp-json\/wp\/v2\/types\/post"}],"author":[{"embeddable":true,"href":"https:\/\/be-virtual.ch\/blog\/wp-json\/wp\/v2\/users\/1"}],"replies":[{"embeddable":true,"href":"https:\/\/be-virtual.ch\/blog\/wp-json\/wp\/v2\/comments?post=262"}],"version-history":[{"count":0,"href":"https:\/\/be-virtual.ch\/blog\/wp-json\/wp\/v2\/posts\/262\/revisions"}],"wp:attachment":[{"href":"https:\/\/be-virtual.ch\/blog\/wp-json\/wp\/v2\/media?parent=262"}],"wp:term":[{"taxonomy":"category","embeddable":true,"href":"https:\/\/be-virtual.ch\/blog\/wp-json\/wp\/v2\/categories?post=262"},{"taxonomy":"post_tag","embeddable":true,"href":"https:\/\/be-virtual.ch\/blog\/wp-json\/wp\/v2\/tags?post=262"}],"curies":[{"name":"wp","href":"https:\/\/api.w.org\/{rel}","templated":true}]}}