{"id":278,"date":"2006-12-28T12:40:00","date_gmt":"2006-12-28T12:40:00","guid":{"rendered":"https:\/\/be-virtual.ch\/blog\/2006\/12\/28\/redonner-voix-au-chant\/"},"modified":"2006-12-28T12:40:00","modified_gmt":"2006-12-28T12:40:00","slug":"redonner-voix-au-chant","status":"publish","type":"post","link":"https:\/\/be-virtual.ch\/blog\/2006\/12\/28\/redonner-voix-au-chant\/","title":{"rendered":"Redonner voix au chant"},"content":{"rendered":"<p>C\u2019\u00e9tait il y a quelques ann\u00e9es. Alors assistante de grec ancien \u00e0 l\u2019Universit\u00e9, j\u2019\u00e9tais en charge d\u2019expliquer aux \u00e9tudiants la th\u00e9orie selon laquelle les \u00e9pop\u00e9es hom\u00e9riques, l\u2019Iliade et l\u2019Odyss\u00e9e, tiraient leur origine d\u2019une tradition orale. Personne ne doute de cette origine, mais deux th\u00e9ories s\u2019opposent sur la composition des po\u00e8mes attribu\u00e9s \u00e0 Hom\u00e8re. Selon les uns, seul un po\u00e8te unique (ou deux po\u00e8tes, un pour l\u2019Iliade et un pour l\u2019Odyss\u00e9e) ont compos\u00e9 ces po\u00e8mes et leur longueur imposait l\u2019usage de l\u2019\u00e9criture. Selon les autres, ces po\u00e8mes ont \u00e9t\u00e9 compos\u00e9s dans le cadre d\u2019une tradition collective d\u2019a\u00e8des, qu\u2019on aurait, suite \u00e0 la disparition de ladite tradition, personnifi\u00e9 sous les traits d\u2019un po\u00e8te aveugle, Hom\u00e8re, dont l\u2019existence historique est douteuse.<\/p>\n<p><a href=\"http:\/\/bp1.blogger.com\/_0O46EBN2sig\/R6mcaLn-vPI\/AAAAAAAAAew\/KRRc72o-kqw\/s1600-h\/Homere.jpg\"><img decoding=\"async\" style=\"cursor: pointer;\" src=\"http:\/\/bp1.blogger.com\/_0O46EBN2sig\/R6mcaLn-vPI\/AAAAAAAAAew\/KRRc72o-kqw\/s400\/Homere.jpg\" alt=\"\" id=\"BLOGGER_PHOTO_ID_5163830421367995634\" border=\"0\" \/><\/a><br \/><span style=\"font-size:85%;\">Hom\u00e8re et son guide, William Bouguereau (extrait)<\/span><\/p>\n<p>Parmi les savants qui ont d\u00e9fendu cette position, il faut mentionner l\u2019am\u00e9ricain Milman Parry (1902-1935). Ce dernier a pr\u00e9sent\u00e9 une th\u00e8se \u00e0 la Sorbonne, o\u00f9 il d\u00e9montre le caract\u00e8re formulaire du langage hom\u00e9rique : ce langage fonctionne un peu comme un jeu de construction danois, fort appr\u00e9ci\u00e9 de nos enfants. Il est form\u00e9 de groupes de mots, des formules, qui groupent nom et \u00e9pith\u00e8te (Ath\u00e9na aux yeux pers, Zeus assembleur des nu\u00e9es, \u2026), de morceaux de phrases (des mots s\u2019\u00e9chapp\u00e8rent de la barri\u00e8re de sa bouche), voir de petites sc\u00e8nes. L\u2019a\u00e8de (po\u00e8te oral) assemble ces formules pour former son po\u00e8me. Les histoires r\u00e9pondant elles-m\u00eames \u00e0 des canevas, le po\u00e8te improvise \u00e0 chaque fois son po\u00e8me.<br \/>Les tenants du po\u00e8te unique et de la composition \u00e9crite renvoyaient toujours l\u2019argument de la longueur pour d\u00e9monter la th\u00e9orie de leurs adversaires : lire l\u2019Odyss\u00e9e de bout en bout prend environ 24 heures. Milman Parry souhaitait alors montrer qu\u2019une tradition orale \u00e9tait capable de composer des po\u00e8mes, sans recourir \u00e0 l\u2019\u00e9criture. Le moyen le plus \u00e9vident de faire cette d\u00e9monstration \u00e9tait d\u2019en trouver des exemples vivants. C\u2019est pourquoi Milman Parry s\u2019est rendu dans les Balkans (dans les ann\u00e9es 30) avec du mat\u00e9riel d\u2019enregistrement. Il y avait encore l\u00e0 une tradition orale vivante. Milman Parry a fait de nombreux enregistrements de po\u00e8tes oraux et, apr\u00e8s sa mort accidentelle, Albert Lord a poursuivi ses travaux. Malheureusement pour ces deux chercheurs, cette tradition orale ne pr\u00e9sentait pas de tr\u00e8s longs po\u00e8mes, d\u2019une dur\u00e9e \u00e9quivalente \u00e0 celle des po\u00e8mes hom\u00e9riques.<br \/>A l\u2019\u00e9poque o\u00f9 je pr\u00e9sentais leurs travaux, qui pr\u00e9sentaient de toute fa\u00e7on un int\u00e9r\u00eat sur les techniques d\u2019improvisation \u00e0 partir d\u2019un style formulaire et de canevas, j\u2019avais lu que tous les enregistrements qu\u2019ils avaient faits dormaient dans les compactus d\u2019une universit\u00e9 am\u00e9ricaine et qu\u2019ils avaient finalement \u00e9t\u00e9 peu exploit\u00e9s. C\u2019\u00e9tait un triste constat de voir les t\u00e9moignages d\u2019une des derni\u00e8res traditions orales europ\u00e9ennes pratiquement inaccessibles et condamn\u00e9s \u00e0 l\u2019oubli.<br \/>Ce fut donc une agr\u00e9able surprise de d\u00e9couvrir que, gr\u00e2ce aux techniques de num\u00e9risation et \u00e0 Internet, la situation avait finalement \u00e9volu\u00e9. En effet, les enregistrements sont num\u00e9ris\u00e9s et, peu \u00e0 peu, mis \u00e0 la disposition de tous ceux qui sont susceptibles de s\u2019en occuper, sur le Net. Cette banque de donn\u00e9es n\u2019int\u00e9ressera plus forc\u00e9ment les hell\u00e9nistes, au premier chef, mais les folkloristes, les sp\u00e9cialistes des Balkans. Et peut-\u00eatre qu\u2019on trouvera une partie des r\u00e9ponses aux questions de Parry et Lord.<br \/>La num\u00e9risation et la mise en r\u00e9seau d\u2019information peut redonner vie \u00e0 toutes sortes de corpus qui dorment dans des caves de biblioth\u00e8que. Ceux qui en seraient les meilleurs sp\u00e9cialistes habitent peut-\u00eatre trop loin pour venir les \u00e9tudier, mais si ces documents sont disponibles sur Internet, ils auront la possibilit\u00e9 de les exploiter. Et le savoir humain en sera d\u2019autant plus augment\u00e9.<\/p>\n<p><a href=\"http:\/\/www.chs.harvard.edu\/mpc\/\" target=\"_blank\" rel=\"noopener noreferrer\">http:\/\/www.chs.harvard.edu\/mpc\/<\/a><\/p>\n","protected":false},"excerpt":{"rendered":"<p>C\u2019\u00e9tait il y a quelques ann\u00e9es. Alors assistante de grec ancien \u00e0 l\u2019Universit\u00e9, j\u2019\u00e9tais en charge d\u2019expliquer aux \u00e9tudiants la th\u00e9orie selon laquelle les \u00e9pop\u00e9es hom\u00e9riques, l\u2019Iliade et l\u2019Odyss\u00e9e, tiraient leur origine d\u2019une tradition orale. Personne ne doute de cette origine, mais deux th\u00e9ories s\u2019opposent sur la composition des po\u00e8mes attribu\u00e9s \u00e0 Hom\u00e8re. Selon les [&hellip;]<\/p>\n","protected":false},"author":1,"featured_media":0,"comment_status":"open","ping_status":"open","sticky":false,"template":"","format":"standard","meta":[],"categories":[2,3,34],"tags":[],"_links":{"self":[{"href":"https:\/\/be-virtual.ch\/blog\/wp-json\/wp\/v2\/posts\/278"}],"collection":[{"href":"https:\/\/be-virtual.ch\/blog\/wp-json\/wp\/v2\/posts"}],"about":[{"href":"https:\/\/be-virtual.ch\/blog\/wp-json\/wp\/v2\/types\/post"}],"author":[{"embeddable":true,"href":"https:\/\/be-virtual.ch\/blog\/wp-json\/wp\/v2\/users\/1"}],"replies":[{"embeddable":true,"href":"https:\/\/be-virtual.ch\/blog\/wp-json\/wp\/v2\/comments?post=278"}],"version-history":[{"count":0,"href":"https:\/\/be-virtual.ch\/blog\/wp-json\/wp\/v2\/posts\/278\/revisions"}],"wp:attachment":[{"href":"https:\/\/be-virtual.ch\/blog\/wp-json\/wp\/v2\/media?parent=278"}],"wp:term":[{"taxonomy":"category","embeddable":true,"href":"https:\/\/be-virtual.ch\/blog\/wp-json\/wp\/v2\/categories?post=278"},{"taxonomy":"post_tag","embeddable":true,"href":"https:\/\/be-virtual.ch\/blog\/wp-json\/wp\/v2\/tags?post=278"}],"curies":[{"name":"wp","href":"https:\/\/api.w.org\/{rel}","templated":true}]}}