{"id":28,"date":"2012-11-30T00:00:00","date_gmt":"2012-11-30T00:00:00","guid":{"rendered":"https:\/\/be-virtual.ch\/blog\/2012\/11\/30\/calendrier-de-lavent-2012\/"},"modified":"2012-11-30T00:00:00","modified_gmt":"2012-11-30T00:00:00","slug":"calendrier-de-lavent-2012","status":"publish","type":"post","link":"https:\/\/be-virtual.ch\/blog\/2012\/11\/30\/calendrier-de-lavent-2012\/","title":{"rendered":"Calendrier de l&rsquo;Avent 2012"},"content":{"rendered":"<div style=\"font-family: Arial, Helvetica, sans-serif; font-size: 12px;\">Le Calendrier de l\u2019Avent 2012 est consacr\u00e9 \u00e0 l\u2019\u00e2ne. Cet animal, \u00e0 la fois humble et t\u00eatu, fait partie de l\u2019imagerie de No\u00ebl. Il r\u00e9chauffe l\u2019enfant J\u00e9sus dans sa modeste couche. Il accompagne la Sainte Famille dans sa fuite en Egypte. Ces \u00e9pisodes des Evangiles ont inspir\u00e9 des artistes, de m\u00eame que l\u2019arriv\u00e9e de J\u00e9sus \u00e0 J\u00e9rusalem sur un \u00e2ne le dimanche pr\u00e9c\u00e9dent sa mort. Mais l\u2019\u00e2ne est aussi un animal domestique, charg\u00e9 de lourdes t\u00e2ches accompagnant les humains dans leurs destins heureux ou malheureux. Il est aussi la monture favorite des enfants. Sous tous ces aspects, il est devenu un sujet pour les peintres. Ce calendrier de l\u2019Avent lui rend hommage.<\/div>\n<div style=\"font-family: Arial, Helvetica, sans-serif; font-size: 12px;\"><a href=\"http:\/\/be-virtual.ch\/blog\/?attachment_id=799\" rel=\"attachment wp-att-799\" style=\"color: #133257;\"><img decoding=\"async\" loading=\"lazy\" alt=\"Luc Olivier Merson, Repos pendant la fuite en Egypte, 1879, Museum of Fine Arts\" class=\"alignnone size-full wp-image-799\" height=\"400\" src=\"https:\/\/be-virtual.ch\/blog\/wp-content\/uploads\/2012\/11\/00.jpg\" style=\"border: none;\" title=\"Luc Olivier Merson, Repos pendant la fuite en Egypte, 1879, Museum of Fine Arts\" width=\"600\" \/><\/a><\/div>\n<div style=\"font-family: Arial, Helvetica, sans-serif; font-size: 12px;\">On peut d\u00e9couvrir ce Calendrier de l\u2019Avent sous plusieurs formes:<\/div>\n<ul style=\"font-family: Arial, Helvetica, sans-serif; font-size: 12px;\">\n<li>Web: le calendrier est int\u00e9gr\u00e9 dans une&nbsp;<a href=\"http:\/\/be-virtual.ch\/blog\/?page_id=761\" style=\"color: #133257;\" title=\"Calendrier de l\u2019Avent\">page<\/a>&nbsp;de ce blog.<\/li>\n<li>La version int\u00e9gr\u00e9e dans le blog pr\u00e9sente des d\u00e9tails des peintures s\u00e9lectionn\u00e9es. Les peintures compl\u00e8tes sont \u00e0 d\u00e9couvrir chaque jour dans&nbsp;<a href=\"http:\/\/pinterest.com\/ArriaMarcella\/advent-calendar-2012\/\" style=\"color: #133257;\" target=\"_blank\" title=\"Calendrier de l'Avent dans Pinterest\" rel=\"noopener noreferrer\">Pinterest<\/a>.<\/li>\n<li>Nos premiers calendriers de l\u2019Avent ont \u00e9t\u00e9 cr\u00e9\u00e9s dans&nbsp;<a href=\"http:\/\/maps.secondlife.com\/secondlife\/Monastery\/194\/124\/99\" style=\"color: #133257;\" target=\"_blank\" title=\"SLURL Monastery\" rel=\"noopener noreferrer\">Second Life<\/a>. Nous maintenons encore la tradition cette ann\u00e9e. Vous pouvez d\u00e9couvrir une version g\u00e9ante du calendrier dans le cadre idyllique du Monast\u00e8re, d\u00e9cor\u00e9 pour la p\u00e9riode de No\u00ebl. Deux \u00e2nes vous y attendent.<\/li>\n<\/ul>\n<div style=\"font-family: Arial, Helvetica, sans-serif; font-size: 12px;\"><a href=\"http:\/\/be-virtual.ch\/blog\/?attachment_id=797\" rel=\"attachment wp-att-797\" style=\"color: #133257;\"><img decoding=\"async\" loading=\"lazy\" alt=\"Calendrier de l'Avent 2012\" class=\"alignnone size-full wp-image-797\" height=\"375\" src=\"https:\/\/be-virtual.ch\/blog\/wp-content\/uploads\/2012\/11\/adventcalendar2012_006_001.jpg\" style=\"border: none;\" title=\"Calendrier de l'Avent 2012\" width=\"500\" \/><\/a><\/div>\n<div style=\"font-family: Arial, Helvetica, sans-serif; font-size: 12px;\">Nous vous souhaitons beaucoup de plaisir avec ce calendrier de l\u2019Avent. Quant aux petits curieux qui chercheront \u00e0 d\u00e9couvrir les images en avance, ils en seront pour leurs frais. En effet, l\u2019\u00e2ne est une image couramment utilis\u00e9e comme m\u00e9taphore de certains d\u00e9fauts humains.<\/div>\n","protected":false},"excerpt":{"rendered":"<p>Le Calendrier de l\u2019Avent 2012 est consacr\u00e9 \u00e0 l\u2019\u00e2ne. Cet animal, \u00e0 la fois humble et t\u00eatu, fait partie de l\u2019imagerie de No\u00ebl. Il r\u00e9chauffe l\u2019enfant J\u00e9sus dans sa modeste couche. Il accompagne la Sainte Famille dans sa fuite en Egypte. Ces \u00e9pisodes des Evangiles ont inspir\u00e9 des artistes, de m\u00eame que l\u2019arriv\u00e9e de J\u00e9sus [&hellip;]<\/p>\n","protected":false},"author":1,"featured_media":0,"comment_status":"open","ping_status":"open","sticky":false,"template":"","format":"standard","meta":[],"categories":[1],"tags":[],"_links":{"self":[{"href":"https:\/\/be-virtual.ch\/blog\/wp-json\/wp\/v2\/posts\/28"}],"collection":[{"href":"https:\/\/be-virtual.ch\/blog\/wp-json\/wp\/v2\/posts"}],"about":[{"href":"https:\/\/be-virtual.ch\/blog\/wp-json\/wp\/v2\/types\/post"}],"author":[{"embeddable":true,"href":"https:\/\/be-virtual.ch\/blog\/wp-json\/wp\/v2\/users\/1"}],"replies":[{"embeddable":true,"href":"https:\/\/be-virtual.ch\/blog\/wp-json\/wp\/v2\/comments?post=28"}],"version-history":[{"count":0,"href":"https:\/\/be-virtual.ch\/blog\/wp-json\/wp\/v2\/posts\/28\/revisions"}],"wp:attachment":[{"href":"https:\/\/be-virtual.ch\/blog\/wp-json\/wp\/v2\/media?parent=28"}],"wp:term":[{"taxonomy":"category","embeddable":true,"href":"https:\/\/be-virtual.ch\/blog\/wp-json\/wp\/v2\/categories?post=28"},{"taxonomy":"post_tag","embeddable":true,"href":"https:\/\/be-virtual.ch\/blog\/wp-json\/wp\/v2\/tags?post=28"}],"curies":[{"name":"wp","href":"https:\/\/api.w.org\/{rel}","templated":true}]}}