{"id":285,"date":"2006-12-10T09:58:00","date_gmt":"2006-12-10T09:58:00","guid":{"rendered":"https:\/\/be-virtual.ch\/blog\/2006\/12\/10\/une-webtv-politique-citoyenne\/"},"modified":"2006-12-10T09:58:00","modified_gmt":"2006-12-10T09:58:00","slug":"une-webtv-politique-citoyenne","status":"publish","type":"post","link":"https:\/\/be-virtual.ch\/blog\/2006\/12\/10\/une-webtv-politique-citoyenne\/","title":{"rendered":"Une WebTV politique citoyenne"},"content":{"rendered":"<p>La campagne pr\u00e9sidentielle fran\u00e7aise se fait aussi sur le Net. Bien entendu, chaque candidat a qui son blog, qui son site collaboratif. Il y a de nombreux blogs commentent aussi les positions des politiciens. Mais maintenant une WebTV donne la parole aux diff\u00e9rents candidats. C&rsquo;est le <b>PoliTIC&rsquo;Show<\/b>, qui se pr\u00e9sente comme la premi\u00e8re WebTV politique citoyenne francophone. Elle a \u00e9t\u00e9 cr\u00e9\u00e9e par une \u00e9quipe de jeunes blogueurs et r\u00e9alisateurs passionn\u00e9s. Apr\u00e8s avoir commenc\u00e9 par Le Pen, elle livre un interview fleuve de Fran\u00e7ois Bayrou. S\u00e9gol\u00e8ne Royale vient de confirmer sa participation. Les interviews sont publi\u00e9es en plusieurs parties, mais int\u00e9gralement et sans montage. On finit donc par surprendre les candidats \u00e0 se gratter le nez&#8230; Le ton est plut\u00f4t celui de la discussion, o\u00f9 on a le temps d&rsquo;expliquer ses positions. C&rsquo;est un avantage par rapport aux t\u00e9l\u00e9visions classiques qui oblige les politiciens \u00e0 livrer leur message en deux minutes (sucr\u00e9 cass\u00e9 sur le dos des autres compris). Ainsi les citoyens peuvent mieux conna\u00eetre ceux dont ils inscriront le nom sur un bulletin.<\/p>\n<div><object height=\"166\" width=\"200\"><param name=\"movie\" value=\"http:\/\/www.dailymotion.com\/swf\/1V0KJd8VHafyU417Z\"><param name=\"allowfullscreen\" value=\"true\"><embed src=\"http:\/\/www.dailymotion.com\/swf\/1V0KJd8VHafyU417Z\" type=\"application\/x-shockwave-flash\" allowfullscreen=\"true\" height=\"166\" width=\"200\"><\/embed><\/object><br \/><b><a href=\"http:\/\/www.dailymotion.com\/video\/xkixf_politicshow-2-113-f-bayrou\">PoliTIC&rsquo;Show #2 (1\/13) > F. Bayrou<\/a><\/b><br \/><i>envoy\u00e9 par <a href=\"http:\/\/www.dailymotion.com\/politicshow\">politicshow<\/a><\/i><\/div>\n<p>Fran\u00e7ois Bayrou a donn\u00e9 un entretien-fleuve (pr\u00e8s de 3 heures). Il para\u00eet ou essaye de para\u00eetre comme le candidat des internautes. Ce n&rsquo;est donc pas un hasard s&rsquo;il a devant lui un MacBook ouvert. La discussion commence par sa biographie et glisse rapidement sur la version qu&rsquo;on en trouve sur WIkipedia. Il y \u00e9tait dit qu&rsquo;il s&rsquo;\u00e9tait mari\u00e9 \u00e0 l&rsquo;\u00e2ge de 18 ans. Le candidat \u00e0 la pr\u00e9sidence corrige imm\u00e9diatement: il s&rsquo;est mari\u00e9 \u00e0 20 ans. Il avoue ensuite ne pas savoir s&rsquo;il peut corriger lui-m\u00eame cette erreur. En tous les cas, la correction a \u00e9t\u00e9 apport\u00e9e depuis. Est-ce lui? <img decoding=\"async\" src=\"http:\/\/www.be-virtual.ch\/blog\/interface\/emoticons\/wink_happy.png\" alt=\";-)\" \/><\/p>\n<p><a href=\"http:\/\/blpwebzine.blogs.com\/politicshow\/\" target=\"_blank\" rel=\"noopener noreferrer\">http:\/\/blpwebzine.blogs.com\/politicshow\/<\/a><\/p>\n","protected":false},"excerpt":{"rendered":"<p>La campagne pr\u00e9sidentielle fran\u00e7aise se fait aussi sur le Net. Bien entendu, chaque candidat a qui son blog, qui son site collaboratif. Il y a de nombreux blogs commentent aussi les positions des politiciens. Mais maintenant une WebTV donne la parole aux diff\u00e9rents candidats. C&rsquo;est le PoliTIC&rsquo;Show, qui se pr\u00e9sente comme la premi\u00e8re WebTV politique [&hellip;]<\/p>\n","protected":false},"author":1,"featured_media":0,"comment_status":"open","ping_status":"open","sticky":false,"template":"","format":"standard","meta":[],"categories":[29,9],"tags":[],"_links":{"self":[{"href":"https:\/\/be-virtual.ch\/blog\/wp-json\/wp\/v2\/posts\/285"}],"collection":[{"href":"https:\/\/be-virtual.ch\/blog\/wp-json\/wp\/v2\/posts"}],"about":[{"href":"https:\/\/be-virtual.ch\/blog\/wp-json\/wp\/v2\/types\/post"}],"author":[{"embeddable":true,"href":"https:\/\/be-virtual.ch\/blog\/wp-json\/wp\/v2\/users\/1"}],"replies":[{"embeddable":true,"href":"https:\/\/be-virtual.ch\/blog\/wp-json\/wp\/v2\/comments?post=285"}],"version-history":[{"count":0,"href":"https:\/\/be-virtual.ch\/blog\/wp-json\/wp\/v2\/posts\/285\/revisions"}],"wp:attachment":[{"href":"https:\/\/be-virtual.ch\/blog\/wp-json\/wp\/v2\/media?parent=285"}],"wp:term":[{"taxonomy":"category","embeddable":true,"href":"https:\/\/be-virtual.ch\/blog\/wp-json\/wp\/v2\/categories?post=285"},{"taxonomy":"post_tag","embeddable":true,"href":"https:\/\/be-virtual.ch\/blog\/wp-json\/wp\/v2\/tags?post=285"}],"curies":[{"name":"wp","href":"https:\/\/api.w.org\/{rel}","templated":true}]}}