{"id":29,"date":"2012-10-27T23:00:00","date_gmt":"2012-10-27T23:00:00","guid":{"rendered":"https:\/\/be-virtual.ch\/blog\/2012\/10\/27\/lascaux-1-2-3-et-peut-etre-4\/"},"modified":"2012-10-27T23:00:00","modified_gmt":"2012-10-27T23:00:00","slug":"lascaux-1-2-3-et-peut-etre-4","status":"publish","type":"post","link":"https:\/\/be-virtual.ch\/blog\/2012\/10\/27\/lascaux-1-2-3-et-peut-etre-4\/","title":{"rendered":"Lascaux 1, 2, 3 et peut-\u00eatre 4"},"content":{"rendered":"<div style=\"font-family: Arial, Helvetica, sans-serif; font-size: 12px;\">Une exposition consacr\u00e9e \u00e0 Lascaux se tient \u00e0 Bordeaux du 13 octobre 2012 au 6 janvier 2013 (Cap Sciences, Bordeaux \u2013 Hangar 20, Quai de Bacalan). Elle entamera ensuite une tourn\u00e9e mondiale dont les deux premi\u00e8res \u00e9tapes sont Chicago et Montr\u00e9al. De nombreux mus\u00e9es ont manifest\u00e9 leur int\u00e9r\u00eat pour recevoir cette exposition pour quelques mois. Ce projet a \u00e9t\u00e9&nbsp;r\u00e9alis\u00e9 par le Conseil g\u00e9n\u00e9ral de la Dordogne, avec la participation financi\u00e8re du Conseil R\u00e9gional d\u2019Aquitaine, du Minist\u00e8re fran\u00e7ais de la Culture et de la Communication et de l\u2019Union europ\u00e9enne.<\/div>\n<div style=\"font-family: Arial, Helvetica, sans-serif; font-size: 12px;\"><a href=\"http:\/\/lascaux-cap-sciences.net\/\" style=\"color: #133257;\" target=\"_blank\" title=\"Exposition Lascaux\" rel=\"noopener noreferrer\">http:\/\/lascaux-cap-sciences.net<\/a><\/div>\n<div style=\"font-family: Arial, Helvetica, sans-serif; font-size: 12px;\"><a href=\"http:\/\/be-virtual.ch\/blog\/?attachment_id=774\" rel=\"attachment wp-att-774\" style=\"color: #133257;\"><img decoding=\"async\" loading=\"lazy\" alt=\"Affiche de l'exposition Lascaux\" class=\"alignnone size-full wp-image-774\" height=\"601\" src=\"https:\/\/be-virtual.ch\/blog\/wp-content\/uploads\/2012\/10\/Lascaux-affiche.jpg\" style=\"border: none;\" title=\"Affiche de l'exposition Lascaux\" width=\"498\" \/><\/a><\/div>\n<div style=\"font-family: Arial, Helvetica, sans-serif; font-size: 12px;\">Pour rappel, Lascaux, d\u00e9couverte en 1940, a \u00e9t\u00e9 ferm\u00e9e au public en 1963 par Andr\u00e9 Malraux, alors ministre de la culture, \u00e0 cause des d\u00e9t\u00e9riorations provoqu\u00e9es par la pr\u00e9sence humaine sur les fragiles&nbsp;peintures pr\u00e9historiques. La pr\u00e9sente exposition constitue en fait un Lascaux 3, faisant suite \u00e0 la reconstitution qui se trouve pr\u00e8s de la grotte de Lascaux dans le P\u00e9rigord.&nbsp;Les visiteurs pourront d\u00e9couvrir les panneaux grandeur nature dans une grotte dont l\u2019\u00e9clairage a \u00e9t\u00e9 cr\u00e9\u00e9 de mani\u00e8re \u00e0 reproduire celui des lampes \u00e0 huiles et des torches utilis\u00e9s par les hommes de Cro-Magnon, il y a 20\u2019000 ans. Ces panneaux repr\u00e9sentent des parois orn\u00e9es de la Nef et de la sc\u00e8ne du Puits, dont deux sont in\u00e9dites:<\/div>\n<ul style=\"font-family: Arial, Helvetica, sans-serif; font-size: 12px;\">\n<li>Le Panneau de l\u2019Empreinte<\/li>\n<li>La Vache Noire<\/li>\n<li>Les Bisons adoss\u00e9s<\/li>\n<li>La frise des Cerfs<\/li>\n<li>La sc\u00e8ne du Puits<\/li>\n<\/ul>\n<div style=\"font-family: Arial, Helvetica, sans-serif; font-size: 12px;\">Les restaurateurs ont utilis\u00e9 les m\u00eames pigments que les artistes de Lascaux.&nbsp;Le support est une coque de r\u00e9sine sur lequel est appliqu\u00e9 une partie min\u00e9rale.&nbsp;Des moulages d\u2019objets originaux de Lascaux (pointes, sagaies, la c\u00e9l\u00e8bre lampe en gr\u00e8s rose\u2026), ainsi que des reconstitutions anatomiques d\u2019une famille de Cro-Magnon sont \u00e9galement pr\u00e9sent\u00e9s. \u00c0 partir d\u2019un mod\u00e8le virtuel de la grotte, compos\u00e9 de milliards de points g\u00e9o-r\u00e9f\u00e9renc\u00e9s relev\u00e9s au laser, le r\u00e9alisateur Maurice Bunion a con\u00e7u un film en 3D, que les visiteurs pourront voir avec des lunettes et qui sera projet\u00e9 sur un \u00e9cran sp\u00e9cial.<\/div>\n<div style=\"font-family: Arial, Helvetica, sans-serif; font-size: 12px;\"><strong>Un Lascaux 4 en pr\u00e9paration<\/strong><\/div>\n<div style=\"font-family: Arial, Helvetica, sans-serif; font-size: 12px;\">Le Centre international d\u2019art pari\u00e9tal est un projet visant \u00e0 construire un fac-simil\u00e9 complet de Lascaux (Lascaux 4), alors que Lascaux 2 n\u2019en repr\u00e9sente que 50%. Un b\u00e2timent de de 7 800 m\u00b2 pouvant accueillir 400 000 visiteurs par an est pr\u00e9vu. Malheureusement, le gouvernement fran\u00e7ais vient de se d\u00e9sengager de ce projet et ses initiateurs cherchent de nouveaux financement, dans le priv\u00e9 notamment.<\/div>\n<div style=\"font-family: Arial, Helvetica, sans-serif; font-size: 12px;\"><a href=\"http:\/\/be-virtual.ch\/blog\/?attachment_id=773\" rel=\"attachment wp-att-773\" style=\"color: #133257;\"><img decoding=\"async\" loading=\"lazy\" alt=\"Lascaux\" class=\"alignnone size-full wp-image-773\" height=\"328\" src=\"https:\/\/be-virtual.ch\/blog\/wp-content\/uploads\/2012\/10\/Lascaux1.jpg\" style=\"border: none;\" title=\"Lascaux\" width=\"500\" \/><\/a><\/div>\n<div style=\"font-family: Arial, Helvetica, sans-serif; font-size: 12px;\"><strong>Le recours aux substituts<\/strong><\/div>\n<div style=\"font-family: Arial, Helvetica, sans-serif; font-size: 12px;\">L\u2019exemple de Lascaux nous le rappelle. Le recours \u00e0 des substituts, des copies, des fac-simil\u00e9s, des reconstitutions, est parfois une n\u00e9cessit\u00e9. La visite d\u2019un site comme Lascaux n\u2019est simplement pas possible. Ce n\u2019est pas le seul site inaccessible. Que l\u2019on songe \u00e0 cet autre monument de l\u2019art pari\u00e9tal qu\u2019est la grotte de&nbsp;<a href=\"http:\/\/www.culture.gouv.fr\/fr\/archeosm\/fr\/cosq.htm\" style=\"color: #133257;\" target=\"_blank\" title=\"Grotte Cosquer\" rel=\"noopener noreferrer\">Cosquer<\/a>. M\u00eame si elle \u00e9tait ouverte au public, il faudrait encore \u00eatre un plongeur exp\u00e9riment\u00e9 pour y parvenir. Les mus\u00e9es rec\u00e8lent aussi de nombreux objets qui ne peuvent pas \u00eatre expos\u00e9s ou seulement pour des p\u00e9riodes limit\u00e9es. D\u2019autres ne peuvent pas \u00eatre transport\u00e9s, car trop fragiles. Le substitut constitue donc un moyen de pr\u00e9senter ou de faire conna\u00eetre de telles oeuvres. Il est \u00e9vident que la pr\u00e9sence de l\u2019original peut provoquer une \u00e9motion intense, alors qu\u2019une copie permet simplement d\u2019en prendre connaissance. Comme on le voit avec la recr\u00e9ation de l\u2019\u00e9clairage d\u2019origine ou un film en 3D dans cette nouvelle exposition consacr\u00e9e \u00e0 Lascaux, les nouvelles&nbsp;technologies permettent aussi de faire de la visite d\u2019un fac-simil\u00e9 une exp\u00e9rience inoubliable. La r\u00e9alit\u00e9 augment\u00e9e permet m\u00eame d\u2019ajouter ce que le temps a effac\u00e9. D\u00e8s lors, il ne s\u2019agit plus de simples copies, mais de substituts prolongeant le r\u00e9el. Le danger de ces technologies est sans doute de banaliser la r\u00e9alit\u00e9, de la rendre inint\u00e9ressante face \u00e0 l\u2019immersion dans un univers virtualit\u00e9. En m\u00eame temps, elles permettent de mettre en valeur le patrimoine dans un grand public de plus en plus habitu\u00e9 aux grandes sensations du cin\u00e9ma 3D.<\/div>\n","protected":false},"excerpt":{"rendered":"<p>Une exposition consacr\u00e9e \u00e0 Lascaux se tient \u00e0 Bordeaux du 13 octobre 2012 au 6 janvier 2013 (Cap Sciences, Bordeaux \u2013 Hangar 20, Quai de Bacalan). Elle entamera ensuite une tourn\u00e9e mondiale dont les deux premi\u00e8res \u00e9tapes sont Chicago et Montr\u00e9al. De nombreux mus\u00e9es ont manifest\u00e9 leur int\u00e9r\u00eat pour recevoir cette exposition pour quelques mois. [&hellip;]<\/p>\n","protected":false},"author":1,"featured_media":0,"comment_status":"open","ping_status":"open","sticky":false,"template":"","format":"standard","meta":[],"categories":[1],"tags":[],"_links":{"self":[{"href":"https:\/\/be-virtual.ch\/blog\/wp-json\/wp\/v2\/posts\/29"}],"collection":[{"href":"https:\/\/be-virtual.ch\/blog\/wp-json\/wp\/v2\/posts"}],"about":[{"href":"https:\/\/be-virtual.ch\/blog\/wp-json\/wp\/v2\/types\/post"}],"author":[{"embeddable":true,"href":"https:\/\/be-virtual.ch\/blog\/wp-json\/wp\/v2\/users\/1"}],"replies":[{"embeddable":true,"href":"https:\/\/be-virtual.ch\/blog\/wp-json\/wp\/v2\/comments?post=29"}],"version-history":[{"count":0,"href":"https:\/\/be-virtual.ch\/blog\/wp-json\/wp\/v2\/posts\/29\/revisions"}],"wp:attachment":[{"href":"https:\/\/be-virtual.ch\/blog\/wp-json\/wp\/v2\/media?parent=29"}],"wp:term":[{"taxonomy":"category","embeddable":true,"href":"https:\/\/be-virtual.ch\/blog\/wp-json\/wp\/v2\/categories?post=29"},{"taxonomy":"post_tag","embeddable":true,"href":"https:\/\/be-virtual.ch\/blog\/wp-json\/wp\/v2\/tags?post=29"}],"curies":[{"name":"wp","href":"https:\/\/api.w.org\/{rel}","templated":true}]}}