{"id":44,"date":"2011-12-03T01:00:00","date_gmt":"2011-12-03T01:00:00","guid":{"rendered":"https:\/\/be-virtual.ch\/blog\/2011\/12\/03\/rituel-museal\/"},"modified":"2011-12-03T01:00:00","modified_gmt":"2011-12-03T01:00:00","slug":"rituel-museal","status":"publish","type":"post","link":"https:\/\/be-virtual.ch\/blog\/2011\/12\/03\/rituel-museal\/","title":{"rendered":"Rituel mus\u00e9al"},"content":{"rendered":"<div style=\"font-family: Arial, Helvetica, sans-serif; font-size: 12px;\">Le samedi 3 d\u00e9cembre, le Mus\u00e9e jurassien ouvrait ses portes apr\u00e8s deux ann\u00e9es de fermeture pour cause de r\u00e9novation et de refonte de l\u2019exposition permanente. La nouvelle pr\u00e9sentation des collections permet d\u2019entrer dans le patrimoine jurassien \u00e0 travers des clich\u00e9s. Ainsi le terme \u201cT\u00eate de moine\u201d conduit \u00e0 une s\u00e9rie de salles sur l\u2019histoire religieuse du Jura aboutissant \u00e0 une pr\u00e9sentation spectaculaire de la crosse de Saint Germain, sans doute l\u2019objet le plus pr\u00e9cieux du mus\u00e9e.<br \/>On trouvera aussi une galerie consacr\u00e9e \u00e0 l\u2019histoire du Jura jusqu\u2019\u00e0 la cr\u00e9ation du canton ainsi qu\u2019une salle d\u00e9di\u00e9e au jurassique, terme d\u00e9signant une \u00e8re g\u00e9ologique qui a fait conna\u00eetre le nom du Jura partout dans le monde (un peu gr\u00e2ce \u00e0 Steven Spielberg). L\u2019horlogerie et le cheval des Franches-Montagnes ne sont pas oubli\u00e9s. Il n\u2019y a pas de doute: ce mus\u00e9e est bien celui de l\u2019identit\u00e9 jurassienne.<br \/>La conservatrice du mus\u00e9e, Nathalie Fleury, a renonc\u00e9 aux traditionnels discours des autorit\u00e9s lors de l\u2019inauguration et, \u00e0 la place, elle a demand\u00e9 \u00e0 quelques personnalit\u00e9s d\u2019apporter un objet r\u00e9pondant \u00e0 deux crit\u00e8res: \u00eatre contemporain et pouvant entrer dans les collections du mus\u00e9e. Mme la Ministre Elisabeth Baume-Schneider a offert, au nom du gouvernement jurassien, la machine \u00e0 \u00e9crire utilis\u00e9e lors des travaux de l\u2019Assembl\u00e9e constituante, qui avait pour t\u00e2che de mettre au point une constitution pour le nouveau canton. Cette machine, de marque IBM, avait co\u00fbt\u00e9 environ 16\u2019000 francs suisses en 1976.<\/div>\n<div style=\"font-family: Arial, Helvetica, sans-serif; font-size: 12px;\"><a href=\"http:\/\/be-virtual.ch\/blog\/?attachment_id=629\" rel=\"attachment wp-att-629\" style=\"color: #133257;\"><img decoding=\"async\" loading=\"lazy\" alt=\"Machine \u00e0 \u00e9crire IBM utilis\u00e9e par l'Assemble constituante jurassienne en 1976\" class=\"alignnone size-full wp-image-629\" height=\"296\" src=\"https:\/\/be-virtual.ch\/blog\/wp-content\/uploads\/2011\/12\/constituante.jpg\" style=\"border: none;\" title=\"Machine \u00e0 \u00e9crire IBM utilis\u00e9e par l'Assemble constituante jurassienne en 1976\" width=\"500\" \/><\/a><\/div>\n<div style=\"font-family: Arial, Helvetica, sans-serif; font-size: 12px;\">Alors que la pr\u00e9sidente de la Bourgeoisie de Del\u00e9mont a remis un appareil PSION permettant de calculer le cubage d\u2019un tronc d\u2019arbre, le maire de Del\u00e9mont, Pierre Kohler, est venu accompagn\u00e9 de deux des derniers citoyens de la ville, les artistes Lala et Billy Boy, et a offert au mus\u00e9e un de leurs tableaux. Avant la remise de ces objets au mus\u00e9e, Laurent Flutsch avait expliqu\u00e9 comment les objets de notre quoditien pourraient devenir, dans 2000 ans, des pi\u00e8ces dans un mus\u00e9e arch\u00e9ologique.<\/div>\n<div style=\"font-family: Arial, Helvetica, sans-serif; font-size: 12px;\">Cette s\u00e9rie de dons au mus\u00e9e \u00e9voquait le rituel par lequel un objet est sorti de la vie de tous les jours pour entrer dans une collection mus\u00e9ale dont il ne devrait jamais sortir. La mise en mus\u00e9e se fait par le biais de dons, de legs, d\u2019achats ou, \u00e9ventuellement, de trouvailles. C\u2019est un acte radical, car l\u2019objet perd sa valeur d\u2019usage et acquiert une valeur patrimoniale. A travers cet acte, on donne \u00e0 l\u2019objet un sens nouveau, en principe partag\u00e9 par la collectivit\u00e9. Il est int\u00e9ressant de rendre visible ce passage d\u2019un \u00e9tat \u00e0 l\u2019autre, notamment lors de l\u2019ouverture d\u2019un mus\u00e9e. A travers le don de la machine \u00e0 \u00e9crire de l\u2019Assembl\u00e9e constituante, on peut observer ce changement de statut. Cette machine obsol\u00e8te aurait pu finir dans une d\u00e9charge. En mettant en avant son association avec un \u00e9v\u00e9nement historique, on lui redonne une nouvelle vie. Les t\u00e9moins de la sc\u00e8ne et les visiteurs du mus\u00e9e pourront se rem\u00e9morer un moment important de l\u2019histoire jurassienne en contemplant une simple machine \u00e0 \u00e9crire. C\u2019est la magie du mus\u00e9e.<\/div>\n<div style=\"font-family: Arial, Helvetica, sans-serif; font-size: 12px;\">Site Internet du Mus\u00e9e jurassien:&nbsp;<a href=\"http:\/\/www.mjah.ch\/\" style=\"color: #133257;\" target=\"_blank\" title=\"Mus\u00e9e jurassien\" rel=\"noopener noreferrer\">http:\/\/www.mjah.ch\/<\/a><\/div>\n","protected":false},"excerpt":{"rendered":"<p>Le samedi 3 d\u00e9cembre, le Mus\u00e9e jurassien ouvrait ses portes apr\u00e8s deux ann\u00e9es de fermeture pour cause de r\u00e9novation et de refonte de l\u2019exposition permanente. La nouvelle pr\u00e9sentation des collections permet d\u2019entrer dans le patrimoine jurassien \u00e0 travers des clich\u00e9s. Ainsi le terme \u201cT\u00eate de moine\u201d conduit \u00e0 une s\u00e9rie de salles sur l\u2019histoire religieuse [&hellip;]<\/p>\n","protected":false},"author":1,"featured_media":0,"comment_status":"open","ping_status":"open","sticky":false,"template":"","format":"standard","meta":[],"categories":[1],"tags":[],"_links":{"self":[{"href":"https:\/\/be-virtual.ch\/blog\/wp-json\/wp\/v2\/posts\/44"}],"collection":[{"href":"https:\/\/be-virtual.ch\/blog\/wp-json\/wp\/v2\/posts"}],"about":[{"href":"https:\/\/be-virtual.ch\/blog\/wp-json\/wp\/v2\/types\/post"}],"author":[{"embeddable":true,"href":"https:\/\/be-virtual.ch\/blog\/wp-json\/wp\/v2\/users\/1"}],"replies":[{"embeddable":true,"href":"https:\/\/be-virtual.ch\/blog\/wp-json\/wp\/v2\/comments?post=44"}],"version-history":[{"count":0,"href":"https:\/\/be-virtual.ch\/blog\/wp-json\/wp\/v2\/posts\/44\/revisions"}],"wp:attachment":[{"href":"https:\/\/be-virtual.ch\/blog\/wp-json\/wp\/v2\/media?parent=44"}],"wp:term":[{"taxonomy":"category","embeddable":true,"href":"https:\/\/be-virtual.ch\/blog\/wp-json\/wp\/v2\/categories?post=44"},{"taxonomy":"post_tag","embeddable":true,"href":"https:\/\/be-virtual.ch\/blog\/wp-json\/wp\/v2\/tags?post=44"}],"curies":[{"name":"wp","href":"https:\/\/api.w.org\/{rel}","templated":true}]}}