{"id":46,"date":"2011-10-06T00:00:00","date_gmt":"2011-10-06T00:00:00","guid":{"rendered":"https:\/\/be-virtual.ch\/blog\/2011\/10\/06\/steve-job-in-the-cloud\/"},"modified":"2011-10-06T00:00:00","modified_gmt":"2011-10-06T00:00:00","slug":"steve-job-in-the-cloud","status":"publish","type":"post","link":"https:\/\/be-virtual.ch\/blog\/2011\/10\/06\/steve-job-in-the-cloud\/","title":{"rendered":"Steve Job in the cloud"},"content":{"rendered":"<div style=\"font-family: Arial, Helvetica, sans-serif; font-size: 12px;\">Quand ils \u00e9criront des livres sur la fin du 20\u00e8me si\u00e8cle et au d\u00e9but du 21\u00e8me si\u00e8cle, les historiens ne manqueront pas d\u2019ajouter un chapitre consacr\u00e9 \u00e0 cette g\u00e9n\u00e9ration d\u2019entrepreneurs dans le domaine de l\u2019informatique et, plus tard, de la t\u00e9l\u00e9phonie mobile, car ils auront contribu\u00e9 \u00e0 changer le monde, plus profond\u00e9ment que bien des chefs d\u2019\u00e9tat. Des entrepreneurs issus pour la plupart de la Silicon Valley et qui ont troqu\u00e9 le costume contre des jeans, un tee-shirt et des baskets. Ils ne sont pas forc\u00e9ment les inventeurs des technologies qu\u2019ils ont contribu\u00e9 \u00e0 diffuser, mais ils en ont compris les enjeux et ont su trouver leur place dans les march\u00e9s et, par voie de cons\u00e9quence, dans nos vies.<\/div>\n<div style=\"font-family: Arial, Helvetica, sans-serif; font-size: 12px;\">Steve Jobs \u00e9tait l\u2019un d\u2019eux. C\u2019est gr\u00e2ce \u00e0 lui que l\u2019informatique personnelle est devenue simple \u00e0 utiliser. Gr\u00e2ce \u00e0 lui, l\u2019interface s\u00e8che du MS-Dos s\u2019est transform\u00e9e en un bureau convivial. La souris a permis d\u2019interagir de mani\u00e8re plus intuitive avec un ordinateur. Cet appareil \u00e9tait destin\u00e9 aux informaticiens, managers, geeks et autres gamers, des gens qui se s\u2019embarrassent gu\u00e8re de consid\u00e9rations esth\u00e9tiques. Steve Jobs en a fait un objet d\u2019une grande beaut\u00e9, qui suscite le d\u00e9sir (et un peu de consum\u00e9risme). Fini le bak\u00e9lite jauni, l\u2019\u00e9cran verd\u00e2tre et le clavier bruyant. L\u2019ordinateur peut d\u00e9sormais tr\u00f4ner dans un salon.<\/div>\n<div style=\"font-family: Arial, Helvetica, sans-serif; font-size: 12px;\">Steve Jobs a aussi compris ce qu\u2019Internet a chang\u00e9 dans la consommation musicale. Il a su rendre l\u00e9gal, commercial et rentable une tendance qui avait d\u00e9marr\u00e9 avec les plateformes d\u2019\u00e9change de fichiers, assimil\u00e9es \u00e0 du piratage. Le potentiel des t\u00e9l\u00e9phones portables dans l\u2019utilisation d\u2019Internet semblait \u00e9vident depuis un certain temps, mais qu\u2019il se concr\u00e9tise. Steve Jobs a su imaginer l\u2019appareil qui allait changer radicalement la situation. D\u00e9sormais Internet n\u2019est plus seulement accessible via un ordinateur et les appareils permettant de le consulter vont en se multipliant. En dernier lieu, les tablettes. Elles existaient d\u00e9j\u00e0. L\u00e0 encore Steve Jobs a su mat\u00e9rialiser le mod\u00e8le qui nous a fait pens\u00e9 que les tablettes \u00e9taient vraiment utiles, voire indispensables.<\/div>\n<div style=\"font-family: Arial, Helvetica, sans-serif; font-size: 12px;\">Bien s\u00fbr, toute m\u00e9daille a son revers. L\u2019univers cr\u00e9\u00e9 par Steve Jobs est loin du monde open source bas\u00e9 sur le partage et l\u2019ouverture. Le monde d\u2019Apple est ferm\u00e9 et mon\u00e9taris\u00e9. C\u2019en est m\u00eame un paradoxe quand on pense qu\u2019\u00e0 une certaine \u00e9poque, Apple repr\u00e9sentait une alternative sympathique face au quasi monopole de Microsoft. Ce temps l\u00e0 est loin, car Apple a rattrap\u00e9 Microsoft en terme de chiffre d\u2019affaire. On n\u2019en voudra pas \u00e0 Steve Jobs d\u2019avoir refus\u00e9 la pornographie sur les iPhone. En m\u00eame temps, cela revenait \u00e0 contr\u00f4ler le contenu d\u2019une plateforme pratiquement publique.<\/div>\n<div style=\"font-family: Arial, Helvetica, sans-serif; font-size: 12px;\">L\u2019heure n\u2019est cependant pas aux reproches. Le temps du jugement viendra suffisamment t\u00f4t. La contribution de Steve Jobs au d\u00e9veloppement de notre \u00e9cosyst\u00e8me informationnel aura un impact durable. Il est parti jeune et il aurait certainement encore mis sur le march\u00e9 des appareils fascinants s\u2019il avait v\u00e9cu plus longtemps. En m\u00eame temps, il a inspir\u00e9 toute une g\u00e9n\u00e9ration, dans son entreprise et en dehors. Son oeuvre lui survivra et se d\u00e9veloppera encore \u00e0 travers tous ceux qui essayeront de marcher dans ses pas de g\u00e9ant. Pour paraphraser le titre d\u2019un livre consacr\u00e9 \u00e0 un moteur de recherche c\u00e9l\u00e8bre, ceux qui r\u00e9fl\u00e9chissent \u00e0 l\u2019int\u00e9gration des technologies de l\u2019information dans nos vies devront se demander, devant un probl\u00e8me: \u201cqu\u2019aurait fait Steve Jobs?\u201d.<br \/>Tous les h\u00e9ros finissent par se fatiguer. Steve Jobs est parti au fa\u00eete de sa gloire, \u00e0 son akm\u00e8, comme disait les Grecs. A coup s\u00fbr, il va devenir une ic\u00f4ne et le processus vient de d\u00e9marrer, \u00e0 voir tous les t\u00e9moignages qui ont fus\u00e9 sur les homepages du monde entier. Qu\u2019il repose en paix dans le \u201ccloud\u201d \u00e9ternel. &nbsp;Que de l\u00e0, il continue \u00e0 nous inspirer et \u00e0 changer le monde.<\/div>\n<div style=\"background-color: #f3f3f3; border-bottom-left-radius: 3px; border-bottom-right-radius: 3px; border-top-left-radius: 3px; border-top-right-radius: 3px; border: 1px solid rgb(221, 221, 221); font-family: Arial, Helvetica, sans-serif; font-size: 12px; padding-top: 4px; text-align: center; width: 486px;\"><a href=\"http:\/\/be-virtual.ch\/blog\/?attachment_id=604\" rel=\"attachment wp-att-604\" style=\"color: #133257;\"><img decoding=\"async\" loading=\"lazy\" alt=\"Les deux commandements\" class=\"size-full wp-image-604\" height=\"532\" src=\"https:\/\/be-virtual.ch\/blog\/wp-content\/uploads\/2011\/10\/dix-commandements.jpg\" style=\"border: none; margin: 0px; padding: 0px;\" title=\"Les deux commandements\" width=\"476\" \/><\/a><\/p>\n<div>Steve Jobs au paradis: les modes de communication s&rsquo;en trouveront peut-\u00eatre chang\u00e9s<\/div>\n<\/div>\n","protected":false},"excerpt":{"rendered":"<p>Quand ils \u00e9criront des livres sur la fin du 20\u00e8me si\u00e8cle et au d\u00e9but du 21\u00e8me si\u00e8cle, les historiens ne manqueront pas d\u2019ajouter un chapitre consacr\u00e9 \u00e0 cette g\u00e9n\u00e9ration d\u2019entrepreneurs dans le domaine de l\u2019informatique et, plus tard, de la t\u00e9l\u00e9phonie mobile, car ils auront contribu\u00e9 \u00e0 changer le monde, plus profond\u00e9ment que bien des [&hellip;]<\/p>\n","protected":false},"author":1,"featured_media":0,"comment_status":"open","ping_status":"open","sticky":false,"template":"","format":"standard","meta":[],"categories":[1],"tags":[],"_links":{"self":[{"href":"https:\/\/be-virtual.ch\/blog\/wp-json\/wp\/v2\/posts\/46"}],"collection":[{"href":"https:\/\/be-virtual.ch\/blog\/wp-json\/wp\/v2\/posts"}],"about":[{"href":"https:\/\/be-virtual.ch\/blog\/wp-json\/wp\/v2\/types\/post"}],"author":[{"embeddable":true,"href":"https:\/\/be-virtual.ch\/blog\/wp-json\/wp\/v2\/users\/1"}],"replies":[{"embeddable":true,"href":"https:\/\/be-virtual.ch\/blog\/wp-json\/wp\/v2\/comments?post=46"}],"version-history":[{"count":0,"href":"https:\/\/be-virtual.ch\/blog\/wp-json\/wp\/v2\/posts\/46\/revisions"}],"wp:attachment":[{"href":"https:\/\/be-virtual.ch\/blog\/wp-json\/wp\/v2\/media?parent=46"}],"wp:term":[{"taxonomy":"category","embeddable":true,"href":"https:\/\/be-virtual.ch\/blog\/wp-json\/wp\/v2\/categories?post=46"},{"taxonomy":"post_tag","embeddable":true,"href":"https:\/\/be-virtual.ch\/blog\/wp-json\/wp\/v2\/tags?post=46"}],"curies":[{"name":"wp","href":"https:\/\/api.w.org\/{rel}","templated":true}]}}